{"id":2754,"date":"2023-09-27T12:02:20","date_gmt":"2023-09-27T09:02:20","guid":{"rendered":"https:\/\/www.erichhahn.com.tr\/central-asian-road-conference-carc-2023\/"},"modified":"2025-10-14T04:35:18","modified_gmt":"2025-10-14T01:35:18","slug":"uluslararasi-orta-asya-yol-konferansi","status":"publish","type":"post","link":"https:\/\/www.erichhahn.com.tr\/tr\/uluslararasi-orta-asya-yol-konferansi\/","title":{"rendered":"CARC 2023"},"content":{"rendered":"<p><img loading=\"lazy\" decoding=\"async\" class=\"alignleft wp-image-1518\" src=\"https:\/\/www.erichhahn.com.tr\/wp-content\/uploads\/2023\/09\/CARC-2023.jpg\" alt=\"\" width=\"467\" height=\"350\" srcset=\"https:\/\/www.erichhahn.com.tr\/wp-content\/uploads\/2023\/09\/CARC-2023.jpg 1000w, https:\/\/www.erichhahn.com.tr\/wp-content\/uploads\/2023\/09\/CARC-2023-300x225.jpg 300w, https:\/\/www.erichhahn.com.tr\/wp-content\/uploads\/2023\/09\/CARC-2023-50x38.jpg 50w, https:\/\/www.erichhahn.com.tr\/wp-content\/uploads\/2023\/09\/CARC-2023-250x188.jpg 250w\" sizes=\"auto, (max-width: 467px) 100vw, 467px\" \/><strong>ErichHahn, Uluslararas\u0131 &#8220;Orta Asya Yol Konferans\u0131&#8221; (CARC) 2023 Konferans\u0131&#8217;nda<\/strong><\/p>\n<p>27-29 Eyl\u00fcl 2023 tarihleri \u200b\u200baras\u0131nda \u00d6zbekistan&#8217;\u0131n Ta\u015fkent kentinde d\u00fczenlenen Uluslararas\u0131 &#8220;Orta Asya Yol Konferans\u0131&#8221; (CARC) Konferans\u0131, ErichHahn i\u00e7in \u00f6nemli bir etkinlikti. Bu etkinlik, petrol rafinerisi ve yol in\u015faat\u0131 end\u00fcstrilerinden \u00f6nemli oyuncular\u0131 bir araya getirerek, bit\u00fcml\u00fc malzemeler alan\u0131nda deneyim al\u0131\u015fveri\u015finde bulunmak ve modern teknolojileri tart\u0131\u015fmak i\u00e7in benzersiz bir platform sa\u011flad\u0131.<\/p>\n<p><strong>ErichHahn&#8217;\u0131n Yenilik\u00e7i Geli\u015fmeleri<\/strong><\/p>\n<p>ErichHahn, konferansta bit\u00fcm \u00fcretimi ve depolanmas\u0131ndaki son geli\u015fmelerini sergiledi. Kat\u0131l\u0131mc\u0131lar, uzun s\u00fcreler boyunca optimum fiziko-kimyasal \u00f6zelliklerinin korunmas\u0131n\u0131 sa\u011flayan bit\u00fcm i\u00e7in modern depolama y\u00f6ntemlerine \u00f6zellikle ilgi g\u00f6sterdiler. &#8220;Orta Asya Yol Konferans\u0131&#8221;na (CARC) kat\u0131l\u0131m, ErichHahn&#8217;a en son teknolojilerini geni\u015f bir kitleye sunma ve pazar konumunu g\u00fc\u00e7lendirme konusunda m\u00fckemmel bir f\u0131rsat sa\u011flad\u0131. \u015eirket, yol in\u015faat\u0131 alan\u0131nda kaliteyi ve verimlili\u011fi art\u0131rmay\u0131 ama\u00e7layan \u00e7\u00f6z\u00fcmleri aktif olarak geli\u015ftirmeye devam ediyor.<\/p>\n<div class=\"w-gallery cols_3 link_file type_masonry with_indents\"><div class=\"w-gallery-list\"><a class=\"w-gallery-item order_1\" href=\"https:\/\/www.erichhahn.com.tr\/wp-content\/uploads\/2023\/09\/CARC-20234.jpg\" title=\"CARC 2023\"><div class=\"w-gallery-item-img\"><img loading=\"lazy\" decoding=\"async\" width=\"1500\" height=\"1000\" src=\"https:\/\/www.erichhahn.com.tr\/wp-content\/uploads\/2023\/09\/CARC-20234.jpg\" class=\"attachment-full size-full\" alt=\"\" srcset=\"https:\/\/www.erichhahn.com.tr\/wp-content\/uploads\/2023\/09\/CARC-20234.jpg 1500w, https:\/\/www.erichhahn.com.tr\/wp-content\/uploads\/2023\/09\/CARC-20234-500x333.jpg 500w\" sizes=\"auto, (max-width: 1500px) 100vw, 1500px\" \/><\/div><\/a><a class=\"w-gallery-item order_2\" href=\"https:\/\/www.erichhahn.com.tr\/wp-content\/uploads\/2023\/09\/CARC-20235.jpg\" title=\"CARC 2023\"><div class=\"w-gallery-item-img\"><img loading=\"lazy\" decoding=\"async\" width=\"1500\" height=\"1000\" src=\"https:\/\/www.erichhahn.com.tr\/wp-content\/uploads\/2023\/09\/CARC-20235.jpg\" class=\"attachment-full size-full\" alt=\"\" srcset=\"https:\/\/www.erichhahn.com.tr\/wp-content\/uploads\/2023\/09\/CARC-20235.jpg 1500w, https:\/\/www.erichhahn.com.tr\/wp-content\/uploads\/2023\/09\/CARC-20235-500x333.jpg 500w\" sizes=\"auto, (max-width: 1500px) 100vw, 1500px\" \/><\/div><\/a><a class=\"w-gallery-item order_3\" href=\"https:\/\/www.erichhahn.com.tr\/wp-content\/uploads\/2023\/09\/CARC-20233-scaled.jpg\" title=\"CARC 2023\"><div class=\"w-gallery-item-img\"><img loading=\"lazy\" decoding=\"async\" width=\"1500\" height=\"1000\" src=\"https:\/\/www.erichhahn.com.tr\/wp-content\/uploads\/2023\/09\/CARC-20233-scaled.jpg\" class=\"attachment-full size-full\" alt=\"\" srcset=\"https:\/\/www.erichhahn.com.tr\/wp-content\/uploads\/2023\/09\/CARC-20233-scaled.jpg 1500w, https:\/\/www.erichhahn.com.tr\/wp-content\/uploads\/2023\/09\/CARC-20233-scaled-500x333.jpg 500w, https:\/\/www.erichhahn.com.tr\/wp-content\/uploads\/2023\/09\/CARC-20233-300x200.jpg 300w, https:\/\/www.erichhahn.com.tr\/wp-content\/uploads\/2023\/09\/CARC-20233-1024x683.jpg 1024w, https:\/\/www.erichhahn.com.tr\/wp-content\/uploads\/2023\/09\/CARC-20233-1536x1024.jpg 1536w\" sizes=\"auto, (max-width: 1500px) 100vw, 1500px\" \/><\/div><\/a><\/div><\/div>\n","protected":false},"excerpt":{"rendered":"<p>ErichHahn, Uluslararas\u0131 &#8220;Orta Asya Yol Konferans\u0131&#8221; (CARC) 2023 Konferans\u0131&#8217;nda 27-29 Eyl\u00fcl 2023 tarihleri \u200b\u200baras\u0131nda \u00d6zbekistan&#8217;\u0131n Ta\u015fkent kentinde d\u00fczenlenen Uluslararas\u0131 &#8220;Orta Asya Yol Konferans\u0131&#8221; (CARC) Konferans\u0131, ErichHahn i\u00e7in \u00f6nemli bir etkinlikti. Bu etkinlik, petrol rafinerisi ve yol in\u015faat\u0131 end\u00fcstrilerinden \u00f6nemli oyuncular\u0131 bir araya getirerek, bit\u00fcml\u00fc malzemeler alan\u0131nda deneyim al\u0131\u015fveri\u015finde bulunmak ve modern teknolojileri tart\u0131\u015fmak i\u00e7in benzersiz&#8230;<\/p>\n","protected":false},"author":1,"featured_media":2333,"comment_status":"closed","ping_status":"closed","sticky":false,"template":"","format":"standard","meta":{"footnotes":""},"categories":[103],"tags":[],"class_list":["post-2754","post","type-post","status-publish","format-standard","has-post-thumbnail","hentry","category-haberler"],"_links":{"self":[{"href":"https:\/\/www.erichhahn.com.tr\/tr\/wp-json\/wp\/v2\/posts\/2754","targetHints":{"allow":["GET"]}}],"collection":[{"href":"https:\/\/www.erichhahn.com.tr\/tr\/wp-json\/wp\/v2\/posts"}],"about":[{"href":"https:\/\/www.erichhahn.com.tr\/tr\/wp-json\/wp\/v2\/types\/post"}],"author":[{"embeddable":true,"href":"https:\/\/www.erichhahn.com.tr\/tr\/wp-json\/wp\/v2\/users\/1"}],"replies":[{"embeddable":true,"href":"https:\/\/www.erichhahn.com.tr\/tr\/wp-json\/wp\/v2\/comments?post=2754"}],"version-history":[{"count":1,"href":"https:\/\/www.erichhahn.com.tr\/tr\/wp-json\/wp\/v2\/posts\/2754\/revisions"}],"predecessor-version":[{"id":2755,"href":"https:\/\/www.erichhahn.com.tr\/tr\/wp-json\/wp\/v2\/posts\/2754\/revisions\/2755"}],"wp:featuredmedia":[{"embeddable":true,"href":"https:\/\/www.erichhahn.com.tr\/tr\/wp-json\/wp\/v2\/media\/2333"}],"wp:attachment":[{"href":"https:\/\/www.erichhahn.com.tr\/tr\/wp-json\/wp\/v2\/media?parent=2754"}],"wp:term":[{"taxonomy":"category","embeddable":true,"href":"https:\/\/www.erichhahn.com.tr\/tr\/wp-json\/wp\/v2\/categories?post=2754"},{"taxonomy":"post_tag","embeddable":true,"href":"https:\/\/www.erichhahn.com.tr\/tr\/wp-json\/wp\/v2\/tags?post=2754"}],"curies":[{"name":"wp","href":"https:\/\/api.w.org\/{rel}","templated":true}]}}